{"id":139,"date":"2018-08-02T16:03:56","date_gmt":"2018-08-02T16:03:56","guid":{"rendered":"https:\/\/helenateixeirarios.com\/blog\/?p=139"},"modified":"2018-08-16T20:41:06","modified_gmt":"2018-08-16T20:41:06","slug":"sete-dias-no-mundo-da-arte","status":"publish","type":"post","link":"https:\/\/helenateixeirarios.com\/blog\/sete-dias-no-mundo-da-arte\/","title":{"rendered":"SETE DIAS NO MUNDO DA ARTE"},"content":{"rendered":"<h2>Livro de Sarah Thornton<\/h2>\n<p>O livro <i>Sete dias no mundo da arte<\/i>, de Sarah Thornton. Relata os bastidores, as intrigas e tramas do mundo e do mercado de arte no momento atual. A autora vivencia o cotidiano do mundo da arte, de que forma as obras merecem considera\u00e7\u00e3o, como s\u00e3o vendidas ou colecionadas. Al\u00e9m disso, ela afirma que as grandes obras surgem n\u00e3o por m\u00e9rito somente do artista. Mas por interfer\u00eancia de seus marchants, curadores, cr\u00edticos e colecionadores.<\/p>\n<p>Ela coloca em pauta sobretudo de que maneira a arte se popularizou e foi globalizada. E paralelo a isso, o mercado de arte cresceu, juntamente com sua divulga\u00e7\u00e3o (quadros s\u00e3o vendidos por pre\u00e7os estratosf\u00e9ricos, gerando m\u00eddia).<\/p>\n<p>Ela aborda sete hist\u00f3rias como meio de fazer os leitores adentrarem nesse complexo mundo da arte. As somas\u00a0pelas quais s\u00e3o vendidos os quadros no cap\u00edtulo \u201cLeil\u00e3o\u201d s\u00e3o assustadoras. Al\u00e9m disso, h\u00e1 relatos pessoais, tens\u00f5es, entrevistas, boatos, que fazem parte da venda nos leil\u00f5es de arte.<\/p>\n<p>O segundo cap\u00edtulo, intitulado \u201cCr\u00edtica\u201d, retrata a apresenta\u00e7\u00e3o de trabalhos de alunos da CalArts na Calif\u00f3rnia diante do professor e artista Asher. Surpreendentemente, a autora n\u00e3o se limita ao cen\u00e1rio encontrado. Mas entremeia falas de outros cr\u00edticos e artistas. E dando corpo, ao mesmo tempo, deixando transparecer a tens\u00e3o e o n\u00edvel de abstra\u00e7\u00e3o da apresenta\u00e7\u00e3o no ambiente da escola.<\/p>\n<p>O cap\u00edtulo \u201cA Feira\u201d revela os bastidores da Feira Art Basel. Com relatos de donos de galeria, do diretor da Art Basel, de marchants e colecionadores, revelando suas cr\u00edticas, coment\u00e1rios, afli\u00e7\u00f5es e detalhes durante o evento.<\/p>\n<p>O cap\u00edtulo seguinte, \u201cPr\u00eamio\u201d, relata a escolha de quatro artistas para concorrer ao Pr\u00eamio Turner, criado pela Tate Gallery. Um dos artistas selecionados, Phil Collins, durante o processo de sele\u00e7\u00e3o, resolve mudar seu ateli\u00ea para dentro da<span class=\"Apple-converted-space\">\u00a0 <\/span>Tate Gallery. Tornando-se a pr\u00f3pria obra. Somado a isso, a autora revela, atrav\u00e9s do relato dos cr\u00edticos contratados pela galeria, que o diretor Nick Serota manipula o resultado dos jurados. Enfim, discriminando e rejeitando suas escolhas, revelando fofocas e detalhes dos bastidores.<\/p>\n<p>O livro Sete dias no mundo da arte, segue a mesma linha nos demais cap\u00edtulos. Passa pela reda\u00e7\u00e3o da revista <i>ArtForum<\/i>, o ateli\u00ea de Murakami e A Bienal de Veneza. Sem d\u00favida uma leitura indispens\u00e1vel para quem quer entender o mundo e o mercado da arte.<\/p>\n<p>Livro: Sete dias no mundo da Arte | Autora: Sarah Thornton | Editora: Agir, 2010<\/p>\n<p><a href=\"\/blog\/sobre-helena-teixeira-rios\/\">Clique aqui<\/a> e conhe\u00e7a Helena Teixeira Rios<\/p>\n","protected":false},"excerpt":{"rendered":"<p>Livro de Sarah Thornton O livro Sete dias no mundo da arte, de Sarah Thornton. Relata os bastidores, as intrigas e tramas do mundo e do mercado de arte no momento atual. A autora vivencia o cotidiano do mundo da&hellip; <a href=\"https:\/\/helenateixeirarios.com\/blog\/sete-dias-no-mundo-da-arte\/\" class=\"more-link\">Continue Reading <span class=\"meta-nav\">&rarr;<\/span><\/a><\/p>\n","protected":false},"author":2,"featured_media":141,"comment_status":"open","ping_status":"closed","sticky":false,"template":"","format":"standard","meta":{"_exactmetrics_skip_tracking":false,"_exactmetrics_sitenote_active":false,"_exactmetrics_sitenote_note":"","_exactmetrics_sitenote_category":0,"footnotes":""},"categories":[3],"tags":[],"class_list":["post-139","post","type-post","status-publish","format-standard","has-post-thumbnail","hentry","category-livros-recomendados"],"yoast_head":"<!-- This site is optimized with the Yoast SEO Premium plugin v24.0 (Yoast SEO v26.8) - https:\/\/yoast.com\/product\/yoast-seo-premium-wordpress\/ -->\n<title>SETE DIAS NO MUNDO DA ARTE - blog da Helena Rios<\/title>\n<meta name=\"description\" content=\"Blog de Helena Teixeira Rios, artigos e coment\u00e1rios sobre arte, cultura e livros interessantes, como, sete dias no mundo da arte.\" \/>\n<meta name=\"robots\" content=\"index, follow, max-snippet:-1, max-image-preview:large, max-video-preview:-1\" \/>\n<link rel=\"canonical\" href=\"https:\/\/helenateixeirarios.com\/blog\/sete-dias-no-mundo-da-arte\/\" \/>\n<meta property=\"og:locale\" content=\"pt_BR\" \/>\n<meta property=\"og:type\" content=\"article\" \/>\n<meta property=\"og:title\" content=\"SETE DIAS NO MUNDO DA ARTE\" \/>\n<meta property=\"og:description\" content=\"Blog de Helena Teixeira Rios, artigos e coment\u00e1rios sobre arte, cultura e livros interessantes, como, sete dias no mundo da arte.\" \/>\n<meta property=\"og:url\" content=\"https:\/\/helenateixeirarios.com\/blog\/sete-dias-no-mundo-da-arte\/\" \/>\n<meta property=\"og:site_name\" content=\"blog da Helena Rios\" \/>\n<meta property=\"article:publisher\" content=\"https:\/\/www.facebook.com\/helena.teixeirarios\" \/>\n<meta property=\"article:published_time\" content=\"2018-08-02T16:03:56+00:00\" \/>\n<meta property=\"article:modified_time\" content=\"2018-08-16T20:41:06+00:00\" \/>\n<meta property=\"og:image\" content=\"https:\/\/helenateixeirarios.com\/blog\/wp-content\/uploads\/2018\/08\/Captura-de-Tela-2018-08-02-\u00e0s-12.53.20.png\" \/>\n\t<meta property=\"og:image:width\" content=\"178\" \/>\n\t<meta property=\"og:image:height\" content=\"326\" \/>\n\t<meta property=\"og:image:type\" content=\"image\/png\" \/>\n<meta name=\"author\" content=\"Helena Rios\" \/>\n<meta name=\"twitter:card\" content=\"summary_large_image\" \/>\n<meta name=\"twitter:label1\" content=\"Escrito por\" \/>\n\t<meta name=\"twitter:data1\" content=\"Helena Rios\" \/>\n\t<meta name=\"twitter:label2\" content=\"Est. tempo de leitura\" \/>\n\t<meta name=\"twitter:data2\" content=\"2 minutos\" \/>\n<script type=\"application\/ld+json\" class=\"yoast-schema-graph\">{\"@context\":\"https:\/\/schema.org\",\"@graph\":[{\"@type\":\"Article\",\"@id\":\"https:\/\/helenateixeirarios.com\/blog\/sete-dias-no-mundo-da-arte\/#article\",\"isPartOf\":{\"@id\":\"https:\/\/helenateixeirarios.com\/blog\/sete-dias-no-mundo-da-arte\/\"},\"author\":{\"name\":\"Helena Rios\",\"@id\":\"https:\/\/helenateixeirarios.com\/blog\/#\/schema\/person\/bf6ad232984faf2392a08007d8e2c8e7\"},\"headline\":\"SETE DIAS NO MUNDO DA ARTE\",\"datePublished\":\"2018-08-02T16:03:56+00:00\",\"dateModified\":\"2018-08-16T20:41:06+00:00\",\"mainEntityOfPage\":{\"@id\":\"https:\/\/helenateixeirarios.com\/blog\/sete-dias-no-mundo-da-arte\/\"},\"wordCount\":453,\"commentCount\":0,\"image\":{\"@id\":\"https:\/\/helenateixeirarios.com\/blog\/sete-dias-no-mundo-da-arte\/#primaryimage\"},\"thumbnailUrl\":\"https:\/\/helenateixeirarios.com\/blog\/wp-content\/uploads\/2018\/08\/Captura-de-Tela-2018-08-02-\u00e0s-12.53.20.png\",\"articleSection\":[\"LIVROS RECOMENDADOS\"],\"inLanguage\":\"pt-BR\",\"potentialAction\":[{\"@type\":\"CommentAction\",\"name\":\"Comment\",\"target\":[\"https:\/\/helenateixeirarios.com\/blog\/sete-dias-no-mundo-da-arte\/#respond\"]}]},{\"@type\":\"WebPage\",\"@id\":\"https:\/\/helenateixeirarios.com\/blog\/sete-dias-no-mundo-da-arte\/\",\"url\":\"https:\/\/helenateixeirarios.com\/blog\/sete-dias-no-mundo-da-arte\/\",\"name\":\"SETE DIAS NO MUNDO DA ARTE - blog da Helena Rios\",\"isPartOf\":{\"@id\":\"https:\/\/helenateixeirarios.com\/blog\/#website\"},\"primaryImageOfPage\":{\"@id\":\"https:\/\/helenateixeirarios.com\/blog\/sete-dias-no-mundo-da-arte\/#primaryimage\"},\"image\":{\"@id\":\"https:\/\/helenateixeirarios.com\/blog\/sete-dias-no-mundo-da-arte\/#primaryimage\"},\"thumbnailUrl\":\"https:\/\/helenateixeirarios.com\/blog\/wp-content\/uploads\/2018\/08\/Captura-de-Tela-2018-08-02-\u00e0s-12.53.20.png\",\"datePublished\":\"2018-08-02T16:03:56+00:00\",\"dateModified\":\"2018-08-16T20:41:06+00:00\",\"author\":{\"@id\":\"https:\/\/helenateixeirarios.com\/blog\/#\/schema\/person\/bf6ad232984faf2392a08007d8e2c8e7\"},\"description\":\"Blog de Helena Teixeira Rios, artigos e coment\u00e1rios sobre arte, cultura e livros interessantes, como, sete dias no mundo da arte.\",\"breadcrumb\":{\"@id\":\"https:\/\/helenateixeirarios.com\/blog\/sete-dias-no-mundo-da-arte\/#breadcrumb\"},\"inLanguage\":\"pt-BR\",\"potentialAction\":[{\"@type\":\"ReadAction\",\"target\":[\"https:\/\/helenateixeirarios.com\/blog\/sete-dias-no-mundo-da-arte\/\"]}]},{\"@type\":\"ImageObject\",\"inLanguage\":\"pt-BR\",\"@id\":\"https:\/\/helenateixeirarios.com\/blog\/sete-dias-no-mundo-da-arte\/#primaryimage\",\"url\":\"https:\/\/helenateixeirarios.com\/blog\/wp-content\/uploads\/2018\/08\/Captura-de-Tela-2018-08-02-\u00e0s-12.53.20.png\",\"contentUrl\":\"https:\/\/helenateixeirarios.com\/blog\/wp-content\/uploads\/2018\/08\/Captura-de-Tela-2018-08-02-\u00e0s-12.53.20.png\",\"width\":178,\"height\":326,\"caption\":\"Sete dias no mundo da arte\"},{\"@type\":\"BreadcrumbList\",\"@id\":\"https:\/\/helenateixeirarios.com\/blog\/sete-dias-no-mundo-da-arte\/#breadcrumb\",\"itemListElement\":[{\"@type\":\"ListItem\",\"position\":1,\"name\":\"In\u00edcio\",\"item\":\"https:\/\/helenateixeirarios.com\/blog\/\"},{\"@type\":\"ListItem\",\"position\":2,\"name\":\"SETE DIAS NO MUNDO DA ARTE\"}]},{\"@type\":\"WebSite\",\"@id\":\"https:\/\/helenateixeirarios.com\/blog\/#website\",\"url\":\"https:\/\/helenateixeirarios.com\/blog\/\",\"name\":\"Blog da Helena Rios\",\"description\":\"\",\"potentialAction\":[{\"@type\":\"SearchAction\",\"target\":{\"@type\":\"EntryPoint\",\"urlTemplate\":\"https:\/\/helenateixeirarios.com\/blog\/?s={search_term_string}\"},\"query-input\":{\"@type\":\"PropertyValueSpecification\",\"valueRequired\":true,\"valueName\":\"search_term_string\"}}],\"inLanguage\":\"pt-BR\"},{\"@type\":\"Person\",\"@id\":\"https:\/\/helenateixeirarios.com\/blog\/#\/schema\/person\/bf6ad232984faf2392a08007d8e2c8e7\",\"name\":\"Helena Rios\",\"image\":{\"@type\":\"ImageObject\",\"inLanguage\":\"pt-BR\",\"@id\":\"https:\/\/helenateixeirarios.com\/blog\/#\/schema\/person\/image\/\",\"url\":\"https:\/\/secure.gravatar.com\/avatar\/a634b7533dac61ef01ca34c1b3572b04?s=96&d=mm&r=g\",\"contentUrl\":\"https:\/\/secure.gravatar.com\/avatar\/a634b7533dac61ef01ca34c1b3572b04?s=96&d=mm&r=g\",\"caption\":\"Helena Rios\"}}]}<\/script>\n<!-- \/ Yoast SEO Premium plugin. -->","yoast_head_json":{"title":"SETE DIAS NO MUNDO DA ARTE - blog da Helena Rios","description":"Blog de Helena Teixeira Rios, artigos e coment\u00e1rios sobre arte, cultura e livros interessantes, como, sete dias no mundo da arte.","robots":{"index":"index","follow":"follow","max-snippet":"max-snippet:-1","max-image-preview":"max-image-preview:large","max-video-preview":"max-video-preview:-1"},"canonical":"https:\/\/helenateixeirarios.com\/blog\/sete-dias-no-mundo-da-arte\/","og_locale":"pt_BR","og_type":"article","og_title":"SETE DIAS NO MUNDO DA ARTE","og_description":"Blog de Helena Teixeira Rios, artigos e coment\u00e1rios sobre arte, cultura e livros interessantes, como, sete dias no mundo da arte.","og_url":"https:\/\/helenateixeirarios.com\/blog\/sete-dias-no-mundo-da-arte\/","og_site_name":"blog da Helena Rios","article_publisher":"https:\/\/www.facebook.com\/helena.teixeirarios","article_published_time":"2018-08-02T16:03:56+00:00","article_modified_time":"2018-08-16T20:41:06+00:00","og_image":[{"width":178,"height":326,"url":"https:\/\/helenateixeirarios.com\/blog\/wp-content\/uploads\/2018\/08\/Captura-de-Tela-2018-08-02-\u00e0s-12.53.20.png","type":"image\/png"}],"author":"Helena Rios","twitter_card":"summary_large_image","twitter_misc":{"Escrito por":"Helena Rios","Est. tempo de leitura":"2 minutos"},"schema":{"@context":"https:\/\/schema.org","@graph":[{"@type":"Article","@id":"https:\/\/helenateixeirarios.com\/blog\/sete-dias-no-mundo-da-arte\/#article","isPartOf":{"@id":"https:\/\/helenateixeirarios.com\/blog\/sete-dias-no-mundo-da-arte\/"},"author":{"name":"Helena Rios","@id":"https:\/\/helenateixeirarios.com\/blog\/#\/schema\/person\/bf6ad232984faf2392a08007d8e2c8e7"},"headline":"SETE DIAS NO MUNDO DA ARTE","datePublished":"2018-08-02T16:03:56+00:00","dateModified":"2018-08-16T20:41:06+00:00","mainEntityOfPage":{"@id":"https:\/\/helenateixeirarios.com\/blog\/sete-dias-no-mundo-da-arte\/"},"wordCount":453,"commentCount":0,"image":{"@id":"https:\/\/helenateixeirarios.com\/blog\/sete-dias-no-mundo-da-arte\/#primaryimage"},"thumbnailUrl":"https:\/\/helenateixeirarios.com\/blog\/wp-content\/uploads\/2018\/08\/Captura-de-Tela-2018-08-02-\u00e0s-12.53.20.png","articleSection":["LIVROS RECOMENDADOS"],"inLanguage":"pt-BR","potentialAction":[{"@type":"CommentAction","name":"Comment","target":["https:\/\/helenateixeirarios.com\/blog\/sete-dias-no-mundo-da-arte\/#respond"]}]},{"@type":"WebPage","@id":"https:\/\/helenateixeirarios.com\/blog\/sete-dias-no-mundo-da-arte\/","url":"https:\/\/helenateixeirarios.com\/blog\/sete-dias-no-mundo-da-arte\/","name":"SETE DIAS NO MUNDO DA ARTE - blog da Helena Rios","isPartOf":{"@id":"https:\/\/helenateixeirarios.com\/blog\/#website"},"primaryImageOfPage":{"@id":"https:\/\/helenateixeirarios.com\/blog\/sete-dias-no-mundo-da-arte\/#primaryimage"},"image":{"@id":"https:\/\/helenateixeirarios.com\/blog\/sete-dias-no-mundo-da-arte\/#primaryimage"},"thumbnailUrl":"https:\/\/helenateixeirarios.com\/blog\/wp-content\/uploads\/2018\/08\/Captura-de-Tela-2018-08-02-\u00e0s-12.53.20.png","datePublished":"2018-08-02T16:03:56+00:00","dateModified":"2018-08-16T20:41:06+00:00","author":{"@id":"https:\/\/helenateixeirarios.com\/blog\/#\/schema\/person\/bf6ad232984faf2392a08007d8e2c8e7"},"description":"Blog de Helena Teixeira Rios, artigos e coment\u00e1rios sobre arte, cultura e livros interessantes, como, sete dias no mundo da arte.","breadcrumb":{"@id":"https:\/\/helenateixeirarios.com\/blog\/sete-dias-no-mundo-da-arte\/#breadcrumb"},"inLanguage":"pt-BR","potentialAction":[{"@type":"ReadAction","target":["https:\/\/helenateixeirarios.com\/blog\/sete-dias-no-mundo-da-arte\/"]}]},{"@type":"ImageObject","inLanguage":"pt-BR","@id":"https:\/\/helenateixeirarios.com\/blog\/sete-dias-no-mundo-da-arte\/#primaryimage","url":"https:\/\/helenateixeirarios.com\/blog\/wp-content\/uploads\/2018\/08\/Captura-de-Tela-2018-08-02-\u00e0s-12.53.20.png","contentUrl":"https:\/\/helenateixeirarios.com\/blog\/wp-content\/uploads\/2018\/08\/Captura-de-Tela-2018-08-02-\u00e0s-12.53.20.png","width":178,"height":326,"caption":"Sete dias no mundo da arte"},{"@type":"BreadcrumbList","@id":"https:\/\/helenateixeirarios.com\/blog\/sete-dias-no-mundo-da-arte\/#breadcrumb","itemListElement":[{"@type":"ListItem","position":1,"name":"In\u00edcio","item":"https:\/\/helenateixeirarios.com\/blog\/"},{"@type":"ListItem","position":2,"name":"SETE DIAS NO MUNDO DA ARTE"}]},{"@type":"WebSite","@id":"https:\/\/helenateixeirarios.com\/blog\/#website","url":"https:\/\/helenateixeirarios.com\/blog\/","name":"Blog da Helena Rios","description":"","potentialAction":[{"@type":"SearchAction","target":{"@type":"EntryPoint","urlTemplate":"https:\/\/helenateixeirarios.com\/blog\/?s={search_term_string}"},"query-input":{"@type":"PropertyValueSpecification","valueRequired":true,"valueName":"search_term_string"}}],"inLanguage":"pt-BR"},{"@type":"Person","@id":"https:\/\/helenateixeirarios.com\/blog\/#\/schema\/person\/bf6ad232984faf2392a08007d8e2c8e7","name":"Helena Rios","image":{"@type":"ImageObject","inLanguage":"pt-BR","@id":"https:\/\/helenateixeirarios.com\/blog\/#\/schema\/person\/image\/","url":"https:\/\/secure.gravatar.com\/avatar\/a634b7533dac61ef01ca34c1b3572b04?s=96&d=mm&r=g","contentUrl":"https:\/\/secure.gravatar.com\/avatar\/a634b7533dac61ef01ca34c1b3572b04?s=96&d=mm&r=g","caption":"Helena Rios"}}]}},"_links":{"self":[{"href":"https:\/\/helenateixeirarios.com\/blog\/wp-json\/wp\/v2\/posts\/139","targetHints":{"allow":["GET"]}}],"collection":[{"href":"https:\/\/helenateixeirarios.com\/blog\/wp-json\/wp\/v2\/posts"}],"about":[{"href":"https:\/\/helenateixeirarios.com\/blog\/wp-json\/wp\/v2\/types\/post"}],"author":[{"embeddable":true,"href":"https:\/\/helenateixeirarios.com\/blog\/wp-json\/wp\/v2\/users\/2"}],"replies":[{"embeddable":true,"href":"https:\/\/helenateixeirarios.com\/blog\/wp-json\/wp\/v2\/comments?post=139"}],"version-history":[{"count":12,"href":"https:\/\/helenateixeirarios.com\/blog\/wp-json\/wp\/v2\/posts\/139\/revisions"}],"predecessor-version":[{"id":265,"href":"https:\/\/helenateixeirarios.com\/blog\/wp-json\/wp\/v2\/posts\/139\/revisions\/265"}],"wp:featuredmedia":[{"embeddable":true,"href":"https:\/\/helenateixeirarios.com\/blog\/wp-json\/wp\/v2\/media\/141"}],"wp:attachment":[{"href":"https:\/\/helenateixeirarios.com\/blog\/wp-json\/wp\/v2\/media?parent=139"}],"wp:term":[{"taxonomy":"category","embeddable":true,"href":"https:\/\/helenateixeirarios.com\/blog\/wp-json\/wp\/v2\/categories?post=139"},{"taxonomy":"post_tag","embeddable":true,"href":"https:\/\/helenateixeirarios.com\/blog\/wp-json\/wp\/v2\/tags?post=139"}],"curies":[{"name":"wp","href":"https:\/\/api.w.org\/{rel}","templated":true}]}}