{"id":380,"date":"2018-09-04T15:04:48","date_gmt":"2018-09-04T18:04:48","guid":{"rendered":"https:\/\/helenateixeirarios.com\/blog\/?p=380"},"modified":"2018-09-28T11:39:47","modified_gmt":"2018-09-28T14:39:47","slug":"descaso-com-o-patrimonio-cultural","status":"publish","type":"post","link":"https:\/\/helenateixeirarios.com\/blog\/descaso-com-o-patrimonio-cultural\/","title":{"rendered":"DESCASO COM O PATRIM\u00d4NIO CULTURAL"},"content":{"rendered":"<p>Em primeiro lugar, todos sabem que as verbas destinadas \u00e0s institui\u00e7\u00f5es culturais e educacionais est\u00e3o cada ano mais escassas. Portanto, o quadro de abandono n\u00e3o podia ser mais expl\u00edcito diante dos in\u00fameros desastres que presenciamos ano ap\u00f3s ano.<span class=\"Apple-converted-space\">\u00a0<\/span><\/p>\n<p>Al\u00e9m disso, nossa mem\u00f3ria \u00e9 seletiva, e, por sorte, esquecemos coisas passadas para conseguirmos guardar novos acontecimentos. Contudo, neste texto, gostaria de ressaltar como s\u00e3o repetitivas as ocorr\u00eancias destas atrocidades com o nosso Patrim\u00f4nio Cultural:<span class=\"Apple-converted-space\">\u00a0<\/span><\/p>\n<p><b>. 1968 \u2013<\/b>\u00a0col\u00e9gio interno do Cara\u00e7a: um fogareiro esquecido iniciou o inc\u00eandio. N\u00e3o havia nenhum extintor de inc\u00eandio no local e o acesso dificultou a chegada dos bombeiros. Por isso, o col\u00e9gio interno, que funcionava no Santu\u00e1rio do Cara\u00e7a, nunca voltou a funcionar. Parte da edifica\u00e7\u00e3o que era de pedra, foi restaurada, e hoje abriga um Museu.<\/p>\n<p><img loading=\"lazy\" decoding=\"async\" class=\"alignnone size-medium wp-image-403\" src=\"https:\/\/helenateixeirarios.com\/blog\/wp-content\/uploads\/2018\/09\/santu\u00e1rio-do-cara\u00e7a-300x167.png\" alt=\"\" width=\"300\" height=\"167\" srcset=\"https:\/\/helenateixeirarios.com\/blog\/wp-content\/uploads\/2018\/09\/santu\u00e1rio-do-cara\u00e7a-300x167.png 300w, https:\/\/helenateixeirarios.com\/blog\/wp-content\/uploads\/2018\/09\/santu\u00e1rio-do-cara\u00e7a.png 481w\" sizes=\"auto, (max-width: 300px) 100vw, 300px\" \/><\/p>\n<p><b>. 1978<\/b> \u2013 um inc\u00eandio no Museu de Arte Moderna do Rio de Janeiro destruiu obras de Picasso, Salvador Dal\u00ed e Joaqu\u00edn Torres-Garc\u00eda, al\u00e9m do acervo da biblioteca. Como resultado, um preju\u00edzo que foi estimado, na ocasi\u00e3o, em R$60 milh\u00f5es, e o Museu permaneceu fechado durante tr\u00eas anos.<span class=\"Apple-converted-space\">\u00a0<\/span><\/p>\n<p><img loading=\"lazy\" decoding=\"async\" class=\"alignnone size-medium wp-image-404\" src=\"https:\/\/helenateixeirarios.com\/blog\/wp-content\/uploads\/2018\/09\/inc\u00eandio-mam-300x198.png\" alt=\"\" width=\"300\" height=\"198\" srcset=\"https:\/\/helenateixeirarios.com\/blog\/wp-content\/uploads\/2018\/09\/inc\u00eandio-mam-300x198.png 300w, https:\/\/helenateixeirarios.com\/blog\/wp-content\/uploads\/2018\/09\/inc\u00eandio-mam.png 714w\" sizes=\"auto, (max-width: 300px) 100vw, 300px\" \/><\/p>\n<p><b>. 1997<\/b> \u2013 foi a vez do Grande Teatro do Pal\u00e1cio das Artes, em Belo Horizonte, ser completamente destru\u00eddo por um inc\u00eandio. Portanto, a reabertura se deu em 1998.<\/p>\n<p><img loading=\"lazy\" decoding=\"async\" class=\"alignnone wp-image-402\" src=\"https:\/\/helenateixeirarios.com\/blog\/wp-content\/uploads\/2018\/09\/inc\u00eandio-pal\u00e1cio-das-artes-300x217.png\" alt=\"\" width=\"293\" height=\"212\" srcset=\"https:\/\/helenateixeirarios.com\/blog\/wp-content\/uploads\/2018\/09\/inc\u00eandio-pal\u00e1cio-das-artes-300x217.png 300w, https:\/\/helenateixeirarios.com\/blog\/wp-content\/uploads\/2018\/09\/inc\u00eandio-pal\u00e1cio-das-artes.png 482w\" sizes=\"auto, (max-width: 293px) 100vw, 293px\" \/><\/p>\n<p><b>. 2008<\/b> \u2013 o Teatro Cultura Art\u00edstica, em S\u00e3o Paulo, tamb\u00e9m sofreu danos irrepar\u00e1veis devido a um inc\u00eandio. Um piano, adquirido no mesmo ano da trag\u00e9dia por \u20ac100 mil, foi completamente destru\u00eddo.<\/p>\n<p><img loading=\"lazy\" decoding=\"async\" class=\"alignnone size-medium wp-image-396\" src=\"https:\/\/helenateixeirarios.com\/blog\/wp-content\/uploads\/2018\/09\/Teatro-da-Cultura-Art\u00edstica-em-S\u00e3o-Paulo-300x167.png\" alt=\"\" width=\"300\" height=\"167\" srcset=\"https:\/\/helenateixeirarios.com\/blog\/wp-content\/uploads\/2018\/09\/Teatro-da-Cultura-Art\u00edstica-em-S\u00e3o-Paulo-300x167.png 300w, https:\/\/helenateixeirarios.com\/blog\/wp-content\/uploads\/2018\/09\/Teatro-da-Cultura-Art\u00edstica-em-S\u00e3o-Paulo.png 737w\" sizes=\"auto, (max-width: 300px) 100vw, 300px\" \/><\/p>\n<p><b>. 2010<\/b> \u2013 outro inc\u00eandio, desta vez no Instituto Butantan, destruiu os acervos de cobras, aranhas e escorpi\u00f5es para pesquisa no mundo e no Brasil. Esse inc\u00eandio foi tido como culposo (sem inten\u00e7\u00e3o). O novo pr\u00e9dio do Instituto foi reaberto em 2013, sendo gastos R$5,5 milh\u00f5es em equipamentos de preven\u00e7\u00e3o a inc\u00eandio. Contudo, os funcion\u00e1rios do Instituto afirmam que v\u00e1rias unidades da institui\u00e7\u00e3o continuam com infiltra\u00e7\u00f5es e falhas no sistema de preven\u00e7\u00e3o contra fogo.<span class=\"Apple-converted-space\">\u00a0<\/span><\/p>\n<p><img loading=\"lazy\" decoding=\"async\" class=\"alignnone wp-image-395\" src=\"https:\/\/helenateixeirarios.com\/blog\/wp-content\/uploads\/2018\/09\/Instituto-Butantan-em-S\u00e3o-Paulo-inc\u00eandio-300x167.png\" alt=\"\" width=\"296\" height=\"165\" srcset=\"https:\/\/helenateixeirarios.com\/blog\/wp-content\/uploads\/2018\/09\/Instituto-Butantan-em-S\u00e3o-Paulo-inc\u00eandio-300x167.png 300w, https:\/\/helenateixeirarios.com\/blog\/wp-content\/uploads\/2018\/09\/Instituto-Butantan-em-S\u00e3o-Paulo-inc\u00eandio.png 733w\" sizes=\"auto, (max-width: 296px) 100vw, 296px\" \/><\/p>\n<p><b>. 2011<\/b> \u2013 o Teatro Vila-Lobos (fundado em 1979), em Copacabana, no Rio de Janeiro, foi incendiado. A reconstru\u00e7\u00e3o ainda n\u00e3o foi viabilizada. Foi lan\u00e7ado, novamente neste ano, um edital de licita\u00e7\u00e3o para reforma e gest\u00e3o da casa de espet\u00e1culos.<span class=\"Apple-converted-space\">\u00a0<\/span><\/p>\n<p><img loading=\"lazy\" decoding=\"async\" class=\"alignnone wp-image-387\" src=\"https:\/\/helenateixeirarios.com\/blog\/wp-content\/uploads\/2018\/09\/Teatro-inc\u00eandio-300x157.png\" alt=\"\" width=\"296\" height=\"155\" srcset=\"https:\/\/helenateixeirarios.com\/blog\/wp-content\/uploads\/2018\/09\/Teatro-inc\u00eandio-300x157.png 300w, https:\/\/helenateixeirarios.com\/blog\/wp-content\/uploads\/2018\/09\/Teatro-inc\u00eandio.png 649w\" sizes=\"auto, (max-width: 296px) 100vw, 296px\" \/><\/p>\n<p><b>. 2013<\/b> \u2013 parte do Museu de Ci\u00eancias Naturais da Pontif\u00edcia Universidade Cat\u00f3lica de Minas Gerais tamb\u00e9m foi destru\u00edda por um inc\u00eandio. O acervo de fotos, maquetes e pe\u00e7as de resina, al\u00e9m de uma famosa pregui\u00e7a gigante, foi comprometido.<span class=\"Apple-converted-space\">\u00a0<\/span><\/p>\n<p><img loading=\"lazy\" decoding=\"async\" class=\"alignnone wp-image-405\" src=\"https:\/\/helenateixeirarios.com\/blog\/wp-content\/uploads\/2018\/09\/inc\u00eandio-museu-ci\u00eancias-naturais-puc-300x197.png\" alt=\"\" width=\"283\" height=\"186\" srcset=\"https:\/\/helenateixeirarios.com\/blog\/wp-content\/uploads\/2018\/09\/inc\u00eandio-museu-ci\u00eancias-naturais-puc-300x197.png 300w, https:\/\/helenateixeirarios.com\/blog\/wp-content\/uploads\/2018\/09\/inc\u00eandio-museu-ci\u00eancias-naturais-puc.png 481w\" sizes=\"auto, (max-width: 283px) 100vw, 283px\" \/><\/p>\n<p><b>. 2013<\/b> \u2013 o inc\u00eandio foi no audit\u00f3rio do Memorial da Am\u00e9rica Latina, em S\u00e3o Paulo, reaberto em 2017. A recupera\u00e7\u00e3o foi custeada em 42 milh\u00f5es de reais, assim 90% do espa\u00e7o, projetado por Oscar Niemeyer, precisou ser refeito.<\/p>\n<p><img loading=\"lazy\" decoding=\"async\" class=\"alignnone wp-image-389\" src=\"https:\/\/helenateixeirarios.com\/blog\/wp-content\/uploads\/2018\/09\/Audit\u00f3rio-do-Memorial-da-Am\u00e9rica-Latina-em-S\u00e3o-Paulo-inc\u00eandio-300x185.png\" alt=\"\" width=\"289\" height=\"178\" srcset=\"https:\/\/helenateixeirarios.com\/blog\/wp-content\/uploads\/2018\/09\/Audit\u00f3rio-do-Memorial-da-Am\u00e9rica-Latina-em-S\u00e3o-Paulo-inc\u00eandio-300x185.png 300w, https:\/\/helenateixeirarios.com\/blog\/wp-content\/uploads\/2018\/09\/Audit\u00f3rio-do-Memorial-da-Am\u00e9rica-Latina-em-S\u00e3o-Paulo-inc\u00eandio-768x474.png 768w, https:\/\/helenateixeirarios.com\/blog\/wp-content\/uploads\/2018\/09\/Audit\u00f3rio-do-Memorial-da-Am\u00e9rica-Latina-em-S\u00e3o-Paulo-inc\u00eandio.png 920w\" sizes=\"auto, (max-width: 289px) 100vw, 289px\" \/><\/p>\n<p><b>. 2014<\/b> \u2013 mais um inc\u00eandio destruiu o Centro Cultural do Liceu de Artes e Of\u00edcios em S\u00e3o Paulo. Como resultado, r\u00e9plicas de obras de Michelangelo foram destru\u00eddas, al\u00e9m de quadros, esculturas e m\u00f3veis.<span class=\"Apple-converted-space\">\u00a0<\/span><\/p>\n<p>O Centro foi reaberto este ano. Segundo o arquiteto respons\u00e1vel pela reforma, as pe\u00e7as met\u00e1licas do telhado foram mantidas em car\u00e1ter ornamental, j\u00e1 que perderam sua fun\u00e7\u00e3o estrutural no inc\u00eandio. O galp\u00e3o, fundado em 1873, se tornou refer\u00eancia pelas oficinas de serralheria, desenho e marcenaria. L\u00e1, foram executadas as esquadrias do Masp (Museu de Arte de S\u00e3o Paulo) e os portais da Catedral da S\u00e9.<span class=\"Apple-converted-space\">\u00a0<\/span><\/p>\n<p>Atualmente, s\u00e3o oferecidos cursos de automa\u00e7\u00e3o, eletr\u00f4nica e multim\u00eddia. Al\u00e9m disso, duas exposi\u00e7\u00f5es foram planejadas para a reabertura do espa\u00e7o: \u201cHist\u00f3ria e Mem\u00f3ria\u201d e \u201cDesign Brasil S\u00e9culo XXI\u201d, com curadoria de Denise Mattar.<span class=\"Apple-converted-space\">\u00a0<\/span><\/p>\n<p><img loading=\"lazy\" decoding=\"async\" class=\"alignnone wp-image-391\" src=\"https:\/\/helenateixeirarios.com\/blog\/wp-content\/uploads\/2018\/09\/Centro-Cultural-do-Liceu-das-Artes-e-Of\u00edcio-Inc\u00eandio-300x184.png\" alt=\"\" width=\"298\" height=\"183\" srcset=\"https:\/\/helenateixeirarios.com\/blog\/wp-content\/uploads\/2018\/09\/Centro-Cultural-do-Liceu-das-Artes-e-Of\u00edcio-Inc\u00eandio-300x184.png 300w, https:\/\/helenateixeirarios.com\/blog\/wp-content\/uploads\/2018\/09\/Centro-Cultural-do-Liceu-das-Artes-e-Of\u00edcio-Inc\u00eandio.png 621w\" sizes=\"auto, (max-width: 298px) 100vw, 298px\" \/> <img loading=\"lazy\" decoding=\"async\" class=\"alignnone wp-image-392\" src=\"https:\/\/helenateixeirarios.com\/blog\/wp-content\/uploads\/2018\/09\/Centro-cultural-do-Liceu-da-Artes-e-Of\u00edcio-reformado-300x200.png\" alt=\"\" width=\"274\" height=\"182\" srcset=\"https:\/\/helenateixeirarios.com\/blog\/wp-content\/uploads\/2018\/09\/Centro-cultural-do-Liceu-da-Artes-e-Of\u00edcio-reformado-300x200.png 300w, https:\/\/helenateixeirarios.com\/blog\/wp-content\/uploads\/2018\/09\/Centro-cultural-do-Liceu-da-Artes-e-Of\u00edcio-reformado.png 621w\" sizes=\"auto, (max-width: 274px) 100vw, 274px\" \/><\/p>\n<p><b>. 2015<\/b> \u2013 o inc\u00eandio foi no Museu da L\u00edngua Portuguesa em S\u00e3o Paulo. O novo telhado, importado do Peru, foi refeito este ano. A princ\u00edpio, a expectativa \u00e9 de que o espa\u00e7o seja reaberto em 2019.<span class=\"Apple-converted-space\">\u00a0<\/span><\/p>\n<p><img loading=\"lazy\" decoding=\"async\" class=\"alignnone size-medium wp-image-386\" src=\"https:\/\/helenateixeirarios.com\/blog\/wp-content\/uploads\/2018\/09\/Captura-de-Tela-2018-09-03-\u00e0s-12.06.22-300x200.png\" alt=\"\" width=\"300\" height=\"200\" srcset=\"https:\/\/helenateixeirarios.com\/blog\/wp-content\/uploads\/2018\/09\/Captura-de-Tela-2018-09-03-\u00e0s-12.06.22-300x200.png 300w, https:\/\/helenateixeirarios.com\/blog\/wp-content\/uploads\/2018\/09\/Captura-de-Tela-2018-09-03-\u00e0s-12.06.22.png 630w\" sizes=\"auto, (max-width: 300px) 100vw, 300px\" \/><\/p>\n<p><b>. 2016 <\/b>\u2013<b> <\/b>o inc\u00eandio foi na Cinemateca Brasileira, em S\u00e3o Paulo, destruindo mais de 500 obras. Inesperadamente e por sorte, a maioria contava com c\u00f3pias com tecnologia mais recente, segundo a coordenadora geral da entidade, Olga Futema.<span class=\"Apple-converted-space\">\u00a0<\/span><\/p>\n<p><img loading=\"lazy\" decoding=\"async\" class=\"alignnone wp-image-394\" src=\"https:\/\/helenateixeirarios.com\/blog\/wp-content\/uploads\/2018\/09\/Cinemateca-de-S\u00e3o-Paulo-300x168.png\" alt=\"\" width=\"293\" height=\"164\" srcset=\"https:\/\/helenateixeirarios.com\/blog\/wp-content\/uploads\/2018\/09\/Cinemateca-de-S\u00e3o-Paulo-300x168.png 300w, https:\/\/helenateixeirarios.com\/blog\/wp-content\/uploads\/2018\/09\/Cinemateca-de-S\u00e3o-Paulo.png 734w\" sizes=\"auto, (max-width: 293px) 100vw, 293px\" \/><\/p>\n<p><b>. 2018<\/b> \u2013 agora foi a vez do Museu Nacional do Rio de Janeiro. A institui\u00e7\u00e3o foi fundada por D. Jo\u00e3o VI em 1818 e acabou de completar 200 anos. A saber, seu acervo contava com mais de 20 milh\u00f5es de itens em paleontologia, antropologia e etnologia.<\/p>\n<p><img loading=\"lazy\" decoding=\"async\" class=\"alignnone size-medium wp-image-393\" src=\"https:\/\/helenateixeirarios.com\/blog\/wp-content\/uploads\/2018\/09\/Museu-Nacional-do-Rio-de-Janeiro-inc\u00eandio-300x166.png\" alt=\"\" width=\"300\" height=\"166\" srcset=\"https:\/\/helenateixeirarios.com\/blog\/wp-content\/uploads\/2018\/09\/Museu-Nacional-do-Rio-de-Janeiro-inc\u00eandio-300x166.png 300w, https:\/\/helenateixeirarios.com\/blog\/wp-content\/uploads\/2018\/09\/Museu-Nacional-do-Rio-de-Janeiro-inc\u00eandio-768x426.png 768w, https:\/\/helenateixeirarios.com\/blog\/wp-content\/uploads\/2018\/09\/Museu-Nacional-do-Rio-de-Janeiro-inc\u00eandio-1024x568.png 1024w, https:\/\/helenateixeirarios.com\/blog\/wp-content\/uploads\/2018\/09\/Museu-Nacional-do-Rio-de-Janeiro-inc\u00eandio.png 1192w\" sizes=\"auto, (max-width: 300px) 100vw, 300px\" \/><\/p>\n<p>Sem d\u00favida, o descaso do Governo com a mem\u00f3ria e o acervo do nosso pa\u00eds \u00e9 not\u00f3rio.<span class=\"Apple-converted-space\">\u00a0<\/span><\/p>\n<p>Fatos repetitivos acontecem em in\u00fameras institui\u00e7\u00f5es e continuam sendo negligenciados: gambiarras nas instala\u00e7\u00f5es el\u00e9tricas, falta de rigor nos procedimentos de seguran\u00e7a, excesso de burocracia nos tr\u00e2mites exigidos, dribles nas vistorias do corpo de bombeiros (dizem que existem empresas especializadas em enganar a vistoria do corpo de bombeiros), causando estes danos irrepar\u00e1veis.<span class=\"Apple-converted-space\">\u00a0<\/span><\/p>\n<p>O pior \u00e9 que, infelizmente, nenhuma trag\u00e9dia serve de li\u00e7\u00e3o. Afinal, a burocracia n\u00e3o muda, os recursos continuam escassos e os projetos n\u00e3o s\u00e3o revisados.<span class=\"Apple-converted-space\">\u00a0<\/span><\/p>\n<p>Nesse meio tempo, ficamos aguardando a chama de um novo inc\u00eandio se iniciar e nosso patrim\u00f4nio ser, pouco a pouco, consumido pelo descaso das autoridades e da popula\u00e7\u00e3o, de um modo geral.<span class=\"Apple-converted-space\">\u00a0<\/span><\/p>\n<p>Novamente, a pobreza de iniciativas e de recursos impera sobre a cultura.<\/p>\n<p>Fotos retiradas da internet<\/p>\n<p>&nbsp;<\/p>\n<p>Refer\u00eancias:<span class=\"Apple-converted-space\">\u00a0<\/span><\/p>\n<p>As imagens foram tiradas da internet.<\/p>\n<p>https:\/\/g1.globo.com\/rj\/rio-de-janeiro\/noticia\/2018\/09\/03\/bombeiros-seguem-no-rescaldo-da-estrutura-do-museu-nacional-chamas-ainda-podem-ser-vistas-em-alguns-pontos.ghtml<\/p>\n<p>https:\/\/www.hojeemdia.com.br\/horizontes\/inc\u00eandio-destr\u00f3i-acervo-do-museu-de-ci\u00eancias-naturais-da-puc-minas-1.94342<\/p>\n<p>https:\/\/www1.folha.uol.com.br\/cotidiano\/2018\/08\/destruido-pelas-chamas-centenario-liceu-de-sp-reabre-apos-restauracao.shtml<\/p>\n<p><a href=\"https:\/\/odia.ig.com.br\/rio-de-janeiro\/2018\/03\/5526629-teatro-que-se-transformou-em-ruinas.html#foto=1\">https:\/\/odia.ig.com.br\/rio-de-janeiro\/2018\/03\/5526629-teatro-que-se-transformou-em-ruinas.html#foto=1<\/a><\/p>\n<p><a href=\"https:\/\/brasil.elpais.com\/brasil\/2015\/12\/21\/politica\/1450725886_775097.html?rel=mas\">https:\/\/brasil.elpais.com\/brasil\/2015\/12\/21\/politica\/1450725886_775097.html?rel=mas<\/a><\/p>\n<p>https:\/\/g1.globo.com\/mg\/minas-gerais\/noticia\/2018\/07\/27\/palacio-das-artes-comemora-20-anos-de-reabertura-apos-incendio-que-destruiu-o-grande-teatro-em-belo-horizonte.<\/p>\n<p>https:\/\/www.hojeemdia.com.br\/almanaque\/h\u00e1-20-anos-o-pal\u00e1cio-das-artes-sucumbia-ao-fogo-1.456335<\/p>\n<p><a href=\"\/blog\/sobre-helena-teixeira-rios\/\">Clique aqui<\/a> e conhe\u00e7a Helena Teixeira Rios<\/p>\n","protected":false},"excerpt":{"rendered":"<p>Em primeiro lugar, todos sabem que as verbas destinadas \u00e0s institui\u00e7\u00f5es culturais e educacionais est\u00e3o cada ano mais escassas. Portanto, o quadro de abandono n\u00e3o podia ser mais expl\u00edcito diante dos in\u00fameros desastres que presenciamos ano ap\u00f3s ano.\u00a0 Al\u00e9m disso,&hellip; <a href=\"https:\/\/helenateixeirarios.com\/blog\/descaso-com-o-patrimonio-cultural\/\" class=\"more-link\">Continue Reading <span class=\"meta-nav\">&rarr;<\/span><\/a><\/p>\n","protected":false},"author":2,"featured_media":398,"comment_status":"open","ping_status":"closed","sticky":false,"template":"","format":"standard","meta":{"_exactmetrics_skip_tracking":false,"_exactmetrics_sitenote_active":false,"_exactmetrics_sitenote_note":"","_exactmetrics_sitenote_category":0,"footnotes":""},"categories":[509],"tags":[],"class_list":["post-380","post","type-post","status-publish","format-standard","has-post-thumbnail","hentry","category-fatos-lamentaveis"],"yoast_head":"<!-- This site is optimized with the Yoast SEO Premium plugin v24.0 (Yoast SEO v26.8) - https:\/\/yoast.com\/product\/yoast-seo-premium-wordpress\/ -->\n<title>DESCASO COM O PATRIM\u00d4NIO CULTURAL - blog da Helena Rios<\/title>\n<meta name=\"description\" content=\"Blog de Helena Teixeira Rios, artigos e coment\u00e1rios sobre arte, cultura, exposi\u00e7\u00f5es e o atual descaso com o nosso patrim\u00f4nio cultural.\" \/>\n<meta name=\"robots\" content=\"index, follow, max-snippet:-1, max-image-preview:large, max-video-preview:-1\" \/>\n<link rel=\"canonical\" href=\"https:\/\/helenateixeirarios.com\/blog\/descaso-com-o-patrimonio-cultural\/\" \/>\n<meta property=\"og:locale\" content=\"pt_BR\" \/>\n<meta property=\"og:type\" content=\"article\" \/>\n<meta property=\"og:title\" content=\"DESCASO COM O PATRIM\u00d4NIO CULTURAL\" \/>\n<meta property=\"og:description\" content=\"Blog de Helena Teixeira Rios, artigos e coment\u00e1rios sobre arte, cultura, exposi\u00e7\u00f5es e o atual descaso com o nosso patrim\u00f4nio cultural.\" \/>\n<meta property=\"og:url\" content=\"https:\/\/helenateixeirarios.com\/blog\/descaso-com-o-patrimonio-cultural\/\" \/>\n<meta property=\"og:site_name\" content=\"blog da Helena Rios\" \/>\n<meta property=\"article:publisher\" content=\"https:\/\/www.facebook.com\/helena.teixeirarios\" \/>\n<meta property=\"article:published_time\" content=\"2018-09-04T18:04:48+00:00\" \/>\n<meta property=\"article:modified_time\" content=\"2018-09-28T14:39:47+00:00\" \/>\n<meta property=\"og:image\" content=\"https:\/\/helenateixeirarios.com\/blog\/wp-content\/uploads\/2018\/09\/inc\u00eandio-museu-nacional-rio-de-janeiro.png\" \/>\n\t<meta property=\"og:image:width\" content=\"987\" \/>\n\t<meta property=\"og:image:height\" content=\"516\" \/>\n\t<meta property=\"og:image:type\" content=\"image\/png\" \/>\n<meta name=\"author\" content=\"Helena Rios\" \/>\n<meta name=\"twitter:card\" content=\"summary_large_image\" \/>\n<meta name=\"twitter:label1\" content=\"Escrito por\" \/>\n\t<meta name=\"twitter:data1\" content=\"Helena Rios\" \/>\n\t<meta name=\"twitter:label2\" content=\"Est. tempo de leitura\" \/>\n\t<meta name=\"twitter:data2\" content=\"5 minutos\" \/>\n<script type=\"application\/ld+json\" class=\"yoast-schema-graph\">{\"@context\":\"https:\/\/schema.org\",\"@graph\":[{\"@type\":\"Article\",\"@id\":\"https:\/\/helenateixeirarios.com\/blog\/descaso-com-o-patrimonio-cultural\/#article\",\"isPartOf\":{\"@id\":\"https:\/\/helenateixeirarios.com\/blog\/descaso-com-o-patrimonio-cultural\/\"},\"author\":{\"name\":\"Helena Rios\",\"@id\":\"https:\/\/helenateixeirarios.com\/blog\/#\/schema\/person\/bf6ad232984faf2392a08007d8e2c8e7\"},\"headline\":\"DESCASO COM O PATRIM\u00d4NIO CULTURAL\",\"datePublished\":\"2018-09-04T18:04:48+00:00\",\"dateModified\":\"2018-09-28T14:39:47+00:00\",\"mainEntityOfPage\":{\"@id\":\"https:\/\/helenateixeirarios.com\/blog\/descaso-com-o-patrimonio-cultural\/\"},\"wordCount\":991,\"commentCount\":0,\"image\":{\"@id\":\"https:\/\/helenateixeirarios.com\/blog\/descaso-com-o-patrimonio-cultural\/#primaryimage\"},\"thumbnailUrl\":\"https:\/\/helenateixeirarios.com\/blog\/wp-content\/uploads\/2018\/09\/inc\u00eandio-museu-nacional-rio-de-janeiro.png\",\"articleSection\":[\"FATOS LAMENT\u00c1VEIS\"],\"inLanguage\":\"pt-BR\",\"potentialAction\":[{\"@type\":\"CommentAction\",\"name\":\"Comment\",\"target\":[\"https:\/\/helenateixeirarios.com\/blog\/descaso-com-o-patrimonio-cultural\/#respond\"]}]},{\"@type\":\"WebPage\",\"@id\":\"https:\/\/helenateixeirarios.com\/blog\/descaso-com-o-patrimonio-cultural\/\",\"url\":\"https:\/\/helenateixeirarios.com\/blog\/descaso-com-o-patrimonio-cultural\/\",\"name\":\"DESCASO COM O PATRIM\u00d4NIO CULTURAL - blog da Helena Rios\",\"isPartOf\":{\"@id\":\"https:\/\/helenateixeirarios.com\/blog\/#website\"},\"primaryImageOfPage\":{\"@id\":\"https:\/\/helenateixeirarios.com\/blog\/descaso-com-o-patrimonio-cultural\/#primaryimage\"},\"image\":{\"@id\":\"https:\/\/helenateixeirarios.com\/blog\/descaso-com-o-patrimonio-cultural\/#primaryimage\"},\"thumbnailUrl\":\"https:\/\/helenateixeirarios.com\/blog\/wp-content\/uploads\/2018\/09\/inc\u00eandio-museu-nacional-rio-de-janeiro.png\",\"datePublished\":\"2018-09-04T18:04:48+00:00\",\"dateModified\":\"2018-09-28T14:39:47+00:00\",\"author\":{\"@id\":\"https:\/\/helenateixeirarios.com\/blog\/#\/schema\/person\/bf6ad232984faf2392a08007d8e2c8e7\"},\"description\":\"Blog de Helena Teixeira Rios, artigos e coment\u00e1rios sobre arte, cultura, exposi\u00e7\u00f5es e o atual descaso com o nosso patrim\u00f4nio cultural.\",\"breadcrumb\":{\"@id\":\"https:\/\/helenateixeirarios.com\/blog\/descaso-com-o-patrimonio-cultural\/#breadcrumb\"},\"inLanguage\":\"pt-BR\",\"potentialAction\":[{\"@type\":\"ReadAction\",\"target\":[\"https:\/\/helenateixeirarios.com\/blog\/descaso-com-o-patrimonio-cultural\/\"]}]},{\"@type\":\"ImageObject\",\"inLanguage\":\"pt-BR\",\"@id\":\"https:\/\/helenateixeirarios.com\/blog\/descaso-com-o-patrimonio-cultural\/#primaryimage\",\"url\":\"https:\/\/helenateixeirarios.com\/blog\/wp-content\/uploads\/2018\/09\/inc\u00eandio-museu-nacional-rio-de-janeiro.png\",\"contentUrl\":\"https:\/\/helenateixeirarios.com\/blog\/wp-content\/uploads\/2018\/09\/inc\u00eandio-museu-nacional-rio-de-janeiro.png\",\"width\":987,\"height\":516,\"caption\":\"Descaso com o patrim\u00f4nio cultural\"},{\"@type\":\"BreadcrumbList\",\"@id\":\"https:\/\/helenateixeirarios.com\/blog\/descaso-com-o-patrimonio-cultural\/#breadcrumb\",\"itemListElement\":[{\"@type\":\"ListItem\",\"position\":1,\"name\":\"In\u00edcio\",\"item\":\"https:\/\/helenateixeirarios.com\/blog\/\"},{\"@type\":\"ListItem\",\"position\":2,\"name\":\"DESCASO COM O PATRIM\u00d4NIO CULTURAL\"}]},{\"@type\":\"WebSite\",\"@id\":\"https:\/\/helenateixeirarios.com\/blog\/#website\",\"url\":\"https:\/\/helenateixeirarios.com\/blog\/\",\"name\":\"Blog da Helena Rios\",\"description\":\"\",\"potentialAction\":[{\"@type\":\"SearchAction\",\"target\":{\"@type\":\"EntryPoint\",\"urlTemplate\":\"https:\/\/helenateixeirarios.com\/blog\/?s={search_term_string}\"},\"query-input\":{\"@type\":\"PropertyValueSpecification\",\"valueRequired\":true,\"valueName\":\"search_term_string\"}}],\"inLanguage\":\"pt-BR\"},{\"@type\":\"Person\",\"@id\":\"https:\/\/helenateixeirarios.com\/blog\/#\/schema\/person\/bf6ad232984faf2392a08007d8e2c8e7\",\"name\":\"Helena Rios\",\"image\":{\"@type\":\"ImageObject\",\"inLanguage\":\"pt-BR\",\"@id\":\"https:\/\/helenateixeirarios.com\/blog\/#\/schema\/person\/image\/\",\"url\":\"https:\/\/secure.gravatar.com\/avatar\/a634b7533dac61ef01ca34c1b3572b04?s=96&d=mm&r=g\",\"contentUrl\":\"https:\/\/secure.gravatar.com\/avatar\/a634b7533dac61ef01ca34c1b3572b04?s=96&d=mm&r=g\",\"caption\":\"Helena Rios\"}}]}<\/script>\n<!-- \/ Yoast SEO Premium plugin. -->","yoast_head_json":{"title":"DESCASO COM O PATRIM\u00d4NIO CULTURAL - blog da Helena Rios","description":"Blog de Helena Teixeira Rios, artigos e coment\u00e1rios sobre arte, cultura, exposi\u00e7\u00f5es e o atual descaso com o nosso patrim\u00f4nio cultural.","robots":{"index":"index","follow":"follow","max-snippet":"max-snippet:-1","max-image-preview":"max-image-preview:large","max-video-preview":"max-video-preview:-1"},"canonical":"https:\/\/helenateixeirarios.com\/blog\/descaso-com-o-patrimonio-cultural\/","og_locale":"pt_BR","og_type":"article","og_title":"DESCASO COM O PATRIM\u00d4NIO CULTURAL","og_description":"Blog de Helena Teixeira Rios, artigos e coment\u00e1rios sobre arte, cultura, exposi\u00e7\u00f5es e o atual descaso com o nosso patrim\u00f4nio cultural.","og_url":"https:\/\/helenateixeirarios.com\/blog\/descaso-com-o-patrimonio-cultural\/","og_site_name":"blog da Helena Rios","article_publisher":"https:\/\/www.facebook.com\/helena.teixeirarios","article_published_time":"2018-09-04T18:04:48+00:00","article_modified_time":"2018-09-28T14:39:47+00:00","og_image":[{"width":987,"height":516,"url":"https:\/\/helenateixeirarios.com\/blog\/wp-content\/uploads\/2018\/09\/inc\u00eandio-museu-nacional-rio-de-janeiro.png","type":"image\/png"}],"author":"Helena Rios","twitter_card":"summary_large_image","twitter_misc":{"Escrito por":"Helena Rios","Est. tempo de leitura":"5 minutos"},"schema":{"@context":"https:\/\/schema.org","@graph":[{"@type":"Article","@id":"https:\/\/helenateixeirarios.com\/blog\/descaso-com-o-patrimonio-cultural\/#article","isPartOf":{"@id":"https:\/\/helenateixeirarios.com\/blog\/descaso-com-o-patrimonio-cultural\/"},"author":{"name":"Helena Rios","@id":"https:\/\/helenateixeirarios.com\/blog\/#\/schema\/person\/bf6ad232984faf2392a08007d8e2c8e7"},"headline":"DESCASO COM O PATRIM\u00d4NIO CULTURAL","datePublished":"2018-09-04T18:04:48+00:00","dateModified":"2018-09-28T14:39:47+00:00","mainEntityOfPage":{"@id":"https:\/\/helenateixeirarios.com\/blog\/descaso-com-o-patrimonio-cultural\/"},"wordCount":991,"commentCount":0,"image":{"@id":"https:\/\/helenateixeirarios.com\/blog\/descaso-com-o-patrimonio-cultural\/#primaryimage"},"thumbnailUrl":"https:\/\/helenateixeirarios.com\/blog\/wp-content\/uploads\/2018\/09\/inc\u00eandio-museu-nacional-rio-de-janeiro.png","articleSection":["FATOS LAMENT\u00c1VEIS"],"inLanguage":"pt-BR","potentialAction":[{"@type":"CommentAction","name":"Comment","target":["https:\/\/helenateixeirarios.com\/blog\/descaso-com-o-patrimonio-cultural\/#respond"]}]},{"@type":"WebPage","@id":"https:\/\/helenateixeirarios.com\/blog\/descaso-com-o-patrimonio-cultural\/","url":"https:\/\/helenateixeirarios.com\/blog\/descaso-com-o-patrimonio-cultural\/","name":"DESCASO COM O PATRIM\u00d4NIO CULTURAL - blog da Helena Rios","isPartOf":{"@id":"https:\/\/helenateixeirarios.com\/blog\/#website"},"primaryImageOfPage":{"@id":"https:\/\/helenateixeirarios.com\/blog\/descaso-com-o-patrimonio-cultural\/#primaryimage"},"image":{"@id":"https:\/\/helenateixeirarios.com\/blog\/descaso-com-o-patrimonio-cultural\/#primaryimage"},"thumbnailUrl":"https:\/\/helenateixeirarios.com\/blog\/wp-content\/uploads\/2018\/09\/inc\u00eandio-museu-nacional-rio-de-janeiro.png","datePublished":"2018-09-04T18:04:48+00:00","dateModified":"2018-09-28T14:39:47+00:00","author":{"@id":"https:\/\/helenateixeirarios.com\/blog\/#\/schema\/person\/bf6ad232984faf2392a08007d8e2c8e7"},"description":"Blog de Helena Teixeira Rios, artigos e coment\u00e1rios sobre arte, cultura, exposi\u00e7\u00f5es e o atual descaso com o nosso patrim\u00f4nio cultural.","breadcrumb":{"@id":"https:\/\/helenateixeirarios.com\/blog\/descaso-com-o-patrimonio-cultural\/#breadcrumb"},"inLanguage":"pt-BR","potentialAction":[{"@type":"ReadAction","target":["https:\/\/helenateixeirarios.com\/blog\/descaso-com-o-patrimonio-cultural\/"]}]},{"@type":"ImageObject","inLanguage":"pt-BR","@id":"https:\/\/helenateixeirarios.com\/blog\/descaso-com-o-patrimonio-cultural\/#primaryimage","url":"https:\/\/helenateixeirarios.com\/blog\/wp-content\/uploads\/2018\/09\/inc\u00eandio-museu-nacional-rio-de-janeiro.png","contentUrl":"https:\/\/helenateixeirarios.com\/blog\/wp-content\/uploads\/2018\/09\/inc\u00eandio-museu-nacional-rio-de-janeiro.png","width":987,"height":516,"caption":"Descaso com o patrim\u00f4nio cultural"},{"@type":"BreadcrumbList","@id":"https:\/\/helenateixeirarios.com\/blog\/descaso-com-o-patrimonio-cultural\/#breadcrumb","itemListElement":[{"@type":"ListItem","position":1,"name":"In\u00edcio","item":"https:\/\/helenateixeirarios.com\/blog\/"},{"@type":"ListItem","position":2,"name":"DESCASO COM O PATRIM\u00d4NIO CULTURAL"}]},{"@type":"WebSite","@id":"https:\/\/helenateixeirarios.com\/blog\/#website","url":"https:\/\/helenateixeirarios.com\/blog\/","name":"Blog da Helena Rios","description":"","potentialAction":[{"@type":"SearchAction","target":{"@type":"EntryPoint","urlTemplate":"https:\/\/helenateixeirarios.com\/blog\/?s={search_term_string}"},"query-input":{"@type":"PropertyValueSpecification","valueRequired":true,"valueName":"search_term_string"}}],"inLanguage":"pt-BR"},{"@type":"Person","@id":"https:\/\/helenateixeirarios.com\/blog\/#\/schema\/person\/bf6ad232984faf2392a08007d8e2c8e7","name":"Helena Rios","image":{"@type":"ImageObject","inLanguage":"pt-BR","@id":"https:\/\/helenateixeirarios.com\/blog\/#\/schema\/person\/image\/","url":"https:\/\/secure.gravatar.com\/avatar\/a634b7533dac61ef01ca34c1b3572b04?s=96&d=mm&r=g","contentUrl":"https:\/\/secure.gravatar.com\/avatar\/a634b7533dac61ef01ca34c1b3572b04?s=96&d=mm&r=g","caption":"Helena Rios"}}]}},"_links":{"self":[{"href":"https:\/\/helenateixeirarios.com\/blog\/wp-json\/wp\/v2\/posts\/380","targetHints":{"allow":["GET"]}}],"collection":[{"href":"https:\/\/helenateixeirarios.com\/blog\/wp-json\/wp\/v2\/posts"}],"about":[{"href":"https:\/\/helenateixeirarios.com\/blog\/wp-json\/wp\/v2\/types\/post"}],"author":[{"embeddable":true,"href":"https:\/\/helenateixeirarios.com\/blog\/wp-json\/wp\/v2\/users\/2"}],"replies":[{"embeddable":true,"href":"https:\/\/helenateixeirarios.com\/blog\/wp-json\/wp\/v2\/comments?post=380"}],"version-history":[{"count":17,"href":"https:\/\/helenateixeirarios.com\/blog\/wp-json\/wp\/v2\/posts\/380\/revisions"}],"predecessor-version":[{"id":416,"href":"https:\/\/helenateixeirarios.com\/blog\/wp-json\/wp\/v2\/posts\/380\/revisions\/416"}],"wp:featuredmedia":[{"embeddable":true,"href":"https:\/\/helenateixeirarios.com\/blog\/wp-json\/wp\/v2\/media\/398"}],"wp:attachment":[{"href":"https:\/\/helenateixeirarios.com\/blog\/wp-json\/wp\/v2\/media?parent=380"}],"wp:term":[{"taxonomy":"category","embeddable":true,"href":"https:\/\/helenateixeirarios.com\/blog\/wp-json\/wp\/v2\/categories?post=380"},{"taxonomy":"post_tag","embeddable":true,"href":"https:\/\/helenateixeirarios.com\/blog\/wp-json\/wp\/v2\/tags?post=380"}],"curies":[{"name":"wp","href":"https:\/\/api.w.org\/{rel}","templated":true}]}}