{"id":529,"date":"2018-10-05T16:12:06","date_gmt":"2018-10-05T19:12:06","guid":{"rendered":"https:\/\/helenateixeirarios.com\/blog\/?p=529"},"modified":"2018-10-09T14:06:14","modified_gmt":"2018-10-09T17:06:14","slug":"geta-bratescu","status":"publish","type":"post","link":"https:\/\/helenateixeirarios.com\/blog\/geta-bratescu\/","title":{"rendered":"GETA BRATESCU, uma artista inovadora"},"content":{"rendered":"<p>A artista romena Geta Bratescu morreu no m\u00eas passado, aos 92 anos.<span class=\"Apple-converted-space\">\u00a0<\/span><\/p>\n<p><img loading=\"lazy\" decoding=\"async\" class=\"alignnone wp-image-542\" src=\"https:\/\/helenateixeirarios.com\/blog\/wp-content\/uploads\/2018\/10\/GETA-BRATESCU-300x198.png\" alt=\"\" width=\"386\" height=\"306\" \/><\/p>\n<p>Este ano, um pavilh\u00e3o na Bienal de Veneza foi dedicado aos 70 anos de carreira da artista. Seu trabalho tamb\u00e9m foi mostrado no Camden Arts Centre em Londres e na Documenta de Kassel e Atenas.<span class=\"Apple-converted-space\">\u00a0<\/span><\/p>\n<p>Em 2011, a obra da artista tamb\u00e9m foi exibida em Barcelona e em Nova Iorque. Em 1983 e 1987, Geta representou a Rom\u00eania na Bienal de Veneza e tamb\u00e9m participou da Bienal de S\u00e3o Paulo.<\/p>\n<p>Geta iniciou seus estudos tanto na Academia de Fine Arts, como na Faculdade de Letras e Filosofia em Bucareste. Esse fato certamente contribuiu para que seu trabalho tivesse um discurso visual que explorava a linha e a palavra, o desenho e a escrita. Em 1948, devido \u00e0 ascens\u00e3o do comunismo no pa\u00eds, a artista foi obrigada a abandonar a escola de Belas Artes, trabalhando como relatora de livros e ilustradora.<\/p>\n<p><img loading=\"lazy\" decoding=\"async\" class=\"alignnone wp-image-536\" src=\"https:\/\/helenateixeirarios.com\/blog\/wp-content\/uploads\/2018\/10\/geta-bratescu-1-300x101.png\" alt=\"\" width=\"513\" height=\"244\" \/><\/p>\n<p>Na d\u00e9cada de 1950, Geta participou da \u201cUni\u00e3o dos Artistas Finos\u201d, uma organiza\u00e7\u00e3o que tinha o intuito de retratar a vida do \u201chomem socialista\u201d. Posteriormente, trabalhou com fotografias, muitas delas tiradas por seu marido, Mihai Bratescu, e com ilustra\u00e7\u00f5es. Nos anos 1970, dedicou-se a trabalhos com colagens e litografia, e na d\u00e9cada seguinte desenvolveu a arte t\u00eaxtil.<span class=\"Apple-converted-space\">\u00a0<\/span><\/p>\n<p><img loading=\"lazy\" decoding=\"async\" class=\"alignnone wp-image-541\" src=\"https:\/\/helenateixeirarios.com\/blog\/wp-content\/uploads\/2018\/10\/GETA-BRATESCU-MIDEASS-10-HYPOSTASES-213x300.png\" alt=\"\" width=\"249\" height=\"348\" \/><\/p>\n<p>Bratescu viveu sob o dom\u00ednio socialista no p\u00f3s-guerra, mas esse fato n\u00e3o determinou que sua obra fosse pol\u00edtica. Uma das maneiras encontradas pela artista para escapar do tema pol\u00edtico foi fazer uso da mitologia e usar o desenho como forma de descobrir o mundo.<span class=\"Apple-converted-space\">\u00a0<\/span><\/p>\n<p>Um de seus temas \u00e9 a Medeia, uma deusa que assassina os filhos para se vingar do marido, que a havia tra\u00eddo.<\/p>\n<p>Ela conta que sempre quis desenvolver algo distinto, o que a levou a trabalhar com diversos materiais \u2013 suas composi\u00e7\u00f5es misturam papel, tecido e objetos e t\u00eam uma base liter\u00e1ria. Isso n\u00e3o seria poss\u00edvel somente com a pintura.<\/p>\n<p><img loading=\"lazy\" decoding=\"async\" class=\"alignnone wp-image-539\" src=\"https:\/\/helenateixeirarios.com\/blog\/wp-content\/uploads\/2018\/10\/GETA-BRATESCU-LE-THEATRE-DES-FORMES-300x201.png\" alt=\"\" width=\"333\" height=\"223\" srcset=\"https:\/\/helenateixeirarios.com\/blog\/wp-content\/uploads\/2018\/10\/GETA-BRATESCU-LE-THEATRE-DES-FORMES-300x201.png 300w, https:\/\/helenateixeirarios.com\/blog\/wp-content\/uploads\/2018\/10\/GETA-BRATESCU-LE-THEATRE-DES-FORMES.png 758w\" sizes=\"auto, (max-width: 333px) 100vw, 333px\" \/> <img loading=\"lazy\" decoding=\"async\" class=\"alignnone size-medium wp-image-537\" src=\"https:\/\/helenateixeirarios.com\/blog\/wp-content\/uploads\/2018\/10\/GETA-BRATESCU-2012-300x223.png\" alt=\"\" width=\"300\" height=\"223\" srcset=\"https:\/\/helenateixeirarios.com\/blog\/wp-content\/uploads\/2018\/10\/GETA-BRATESCU-2012-300x223.png 300w, https:\/\/helenateixeirarios.com\/blog\/wp-content\/uploads\/2018\/10\/GETA-BRATESCU-2012.png 691w\" sizes=\"auto, (max-width: 300px) 100vw, 300px\" \/><\/p>\n<p>Seus autorretratos s\u00e3o considerados como \u201cbrincadeiras\u201d apol\u00edticas, n\u00e3o tendo por objetivo a retrata\u00e7\u00e3o de temas feministas. Ela relata que s\u00e3o como \u201cespelhos\u201d que mostram como vamos envelhecendo.<span class=\"Apple-converted-space\">\u00a0<\/span><\/p>\n<p><img loading=\"lazy\" decoding=\"async\" class=\"alignnone wp-image-538\" src=\"https:\/\/helenateixeirarios.com\/blog\/wp-content\/uploads\/2018\/10\/GETA-BRATESCU-LADY-OLIVER-IN-TRAVELING-COSTUME-1-300x288.png\" alt=\"\" width=\"328\" height=\"315\" srcset=\"https:\/\/helenateixeirarios.com\/blog\/wp-content\/uploads\/2018\/10\/GETA-BRATESCU-LADY-OLIVER-IN-TRAVELING-COSTUME-1-300x288.png 300w, https:\/\/helenateixeirarios.com\/blog\/wp-content\/uploads\/2018\/10\/GETA-BRATESCU-LADY-OLIVER-IN-TRAVELING-COSTUME-1.png 478w\" sizes=\"auto, (max-width: 328px) 100vw, 328px\" \/><\/p>\n<p>Bratescu dizia n\u00e3o ser influenciada por nenhum artista, mas sim por suas visitas a museus e catedrais em suas viagens por v\u00e1rias cidades. \u201cUm projeto \u00e9 criado na mesa de trabalho, n\u00e3o na cabe\u00e7a. Arte \u00e9 forma.\u201d<span class=\"Apple-converted-space\">\u00a0<\/span><\/p>\n<p>Enfim, sua liberdade tornou-a conceitual.<span class=\"Apple-converted-space\">\u00a0<\/span><\/p>\n<p>\u201cPenso no desenho como uma dan\u00e7a \u2013 que \u00e9 um desenho no espa\u00e7o. Se voc\u00ea n\u00e3o gosta de dan\u00e7a, n\u00e3o \u00e9 poss\u00edvel criar essas coisas\u201d, garante.<\/p>\n<p>&nbsp;<\/p>\n<p>Refer\u00eancias \/ Fotos:<span class=\"Apple-converted-space\">\u00a0<\/span><\/p>\n<p>https:\/\/frieze.com\/article\/one-most-outstanding-artists-our-times-geta-bratescu-1926-2018<\/p>\n<p>https:\/\/frieze.com\/article\/geta-br%C4%83tescu-my-influences<\/p>\n<p>https:\/\/cultura.estadao.com.br\/noticias\/artes,artista-romena-geta-bratescu-morre-aos-92-anos,70002525617<\/p>\n<p>https:\/\/www.calvertjournal.com\/features\/show\/8620\/geta-bratescu-romania-art-venice-biennale<\/p>\n","protected":false},"excerpt":{"rendered":"<p>A artista romena Geta Bratescu morreu no m\u00eas passado, aos 92 anos.\u00a0 Este ano, um pavilh\u00e3o na Bienal de Veneza foi dedicado aos 70 anos de carreira da artista. Seu trabalho tamb\u00e9m foi mostrado no Camden Arts Centre em Londres&hellip; <a href=\"https:\/\/helenateixeirarios.com\/blog\/geta-bratescu\/\" class=\"more-link\">Continue Reading <span class=\"meta-nav\">&rarr;<\/span><\/a><\/p>\n","protected":false},"author":2,"featured_media":540,"comment_status":"open","ping_status":"closed","sticky":false,"template":"","format":"standard","meta":{"_exactmetrics_skip_tracking":false,"_exactmetrics_sitenote_active":false,"_exactmetrics_sitenote_note":"","_exactmetrics_sitenote_category":0,"footnotes":""},"categories":[6,509],"tags":[],"class_list":["post-529","post","type-post","status-publish","format-standard","has-post-thumbnail","hentry","category-fatos-interessantes","category-fatos-lamentaveis"],"yoast_head":"<!-- This site is optimized with the Yoast SEO Premium plugin v24.0 (Yoast SEO v26.8) - https:\/\/yoast.com\/product\/yoast-seo-premium-wordpress\/ -->\n<title>GETA BRATESCU, uma artista inovadora - blog da Helena Rios<\/title>\n<meta name=\"description\" content=\"Blog de Helena Teixeira Rios, artigo e coment\u00e1rios sobre arte, fotografia, exposi\u00e7\u00f5es e a histporia da artista Geta Bratescu.\" \/>\n<meta name=\"robots\" content=\"index, follow, max-snippet:-1, max-image-preview:large, max-video-preview:-1\" \/>\n<link rel=\"canonical\" href=\"https:\/\/helenateixeirarios.com\/blog\/geta-bratescu\/\" \/>\n<meta property=\"og:locale\" content=\"pt_BR\" \/>\n<meta property=\"og:type\" content=\"article\" \/>\n<meta property=\"og:title\" content=\"GETA BRATESCU, uma artista inovadora\" \/>\n<meta property=\"og:description\" content=\"Blog de Helena Teixeira Rios, artigo e coment\u00e1rios sobre arte, fotografia, exposi\u00e7\u00f5es e a histporia da artista Geta Bratescu.\" \/>\n<meta property=\"og:url\" content=\"https:\/\/helenateixeirarios.com\/blog\/geta-bratescu\/\" \/>\n<meta property=\"og:site_name\" content=\"blog da Helena Rios\" \/>\n<meta property=\"article:publisher\" content=\"https:\/\/www.facebook.com\/helena.teixeirarios\" \/>\n<meta property=\"article:published_time\" content=\"2018-10-05T19:12:06+00:00\" \/>\n<meta property=\"article:modified_time\" content=\"2018-10-09T17:06:14+00:00\" \/>\n<meta property=\"og:image\" content=\"https:\/\/helenateixeirarios.com\/blog\/wp-content\/uploads\/2018\/10\/GETA-BRATESCU-LEQUE-1024x505.png\" \/>\n\t<meta property=\"og:image:width\" content=\"1024\" \/>\n\t<meta property=\"og:image:height\" content=\"505\" \/>\n\t<meta property=\"og:image:type\" content=\"image\/png\" \/>\n<meta name=\"author\" content=\"Helena Rios\" \/>\n<meta name=\"twitter:card\" content=\"summary_large_image\" \/>\n<meta name=\"twitter:label1\" content=\"Escrito por\" \/>\n\t<meta name=\"twitter:data1\" content=\"Helena Rios\" \/>\n\t<meta name=\"twitter:label2\" content=\"Est. tempo de leitura\" \/>\n\t<meta name=\"twitter:data2\" content=\"2 minutos\" \/>\n<script type=\"application\/ld+json\" class=\"yoast-schema-graph\">{\"@context\":\"https:\/\/schema.org\",\"@graph\":[{\"@type\":\"Article\",\"@id\":\"https:\/\/helenateixeirarios.com\/blog\/geta-bratescu\/#article\",\"isPartOf\":{\"@id\":\"https:\/\/helenateixeirarios.com\/blog\/geta-bratescu\/\"},\"author\":{\"name\":\"Helena Rios\",\"@id\":\"https:\/\/helenateixeirarios.com\/blog\/#\/schema\/person\/bf6ad232984faf2392a08007d8e2c8e7\"},\"headline\":\"GETA BRATESCU, uma artista inovadora\",\"datePublished\":\"2018-10-05T19:12:06+00:00\",\"dateModified\":\"2018-10-09T17:06:14+00:00\",\"mainEntityOfPage\":{\"@id\":\"https:\/\/helenateixeirarios.com\/blog\/geta-bratescu\/\"},\"wordCount\":471,\"commentCount\":0,\"image\":{\"@id\":\"https:\/\/helenateixeirarios.com\/blog\/geta-bratescu\/#primaryimage\"},\"thumbnailUrl\":\"https:\/\/helenateixeirarios.com\/blog\/wp-content\/uploads\/2018\/10\/GETA-BRATESCU-LEQUE.png\",\"articleSection\":[\"ARTISTAS, FATOS INTERESSANTES\",\"FATOS LAMENT\u00c1VEIS\"],\"inLanguage\":\"pt-BR\",\"potentialAction\":[{\"@type\":\"CommentAction\",\"name\":\"Comment\",\"target\":[\"https:\/\/helenateixeirarios.com\/blog\/geta-bratescu\/#respond\"]}]},{\"@type\":\"WebPage\",\"@id\":\"https:\/\/helenateixeirarios.com\/blog\/geta-bratescu\/\",\"url\":\"https:\/\/helenateixeirarios.com\/blog\/geta-bratescu\/\",\"name\":\"GETA BRATESCU, uma artista inovadora - blog da Helena Rios\",\"isPartOf\":{\"@id\":\"https:\/\/helenateixeirarios.com\/blog\/#website\"},\"primaryImageOfPage\":{\"@id\":\"https:\/\/helenateixeirarios.com\/blog\/geta-bratescu\/#primaryimage\"},\"image\":{\"@id\":\"https:\/\/helenateixeirarios.com\/blog\/geta-bratescu\/#primaryimage\"},\"thumbnailUrl\":\"https:\/\/helenateixeirarios.com\/blog\/wp-content\/uploads\/2018\/10\/GETA-BRATESCU-LEQUE.png\",\"datePublished\":\"2018-10-05T19:12:06+00:00\",\"dateModified\":\"2018-10-09T17:06:14+00:00\",\"author\":{\"@id\":\"https:\/\/helenateixeirarios.com\/blog\/#\/schema\/person\/bf6ad232984faf2392a08007d8e2c8e7\"},\"description\":\"Blog de Helena Teixeira Rios, artigo e coment\u00e1rios sobre arte, fotografia, exposi\u00e7\u00f5es e a histporia da artista Geta Bratescu.\",\"breadcrumb\":{\"@id\":\"https:\/\/helenateixeirarios.com\/blog\/geta-bratescu\/#breadcrumb\"},\"inLanguage\":\"pt-BR\",\"potentialAction\":[{\"@type\":\"ReadAction\",\"target\":[\"https:\/\/helenateixeirarios.com\/blog\/geta-bratescu\/\"]}]},{\"@type\":\"ImageObject\",\"inLanguage\":\"pt-BR\",\"@id\":\"https:\/\/helenateixeirarios.com\/blog\/geta-bratescu\/#primaryimage\",\"url\":\"https:\/\/helenateixeirarios.com\/blog\/wp-content\/uploads\/2018\/10\/GETA-BRATESCU-LEQUE.png\",\"contentUrl\":\"https:\/\/helenateixeirarios.com\/blog\/wp-content\/uploads\/2018\/10\/GETA-BRATESCU-LEQUE.png\",\"width\":1892,\"height\":933,\"caption\":\"Geta Bratescu\"},{\"@type\":\"BreadcrumbList\",\"@id\":\"https:\/\/helenateixeirarios.com\/blog\/geta-bratescu\/#breadcrumb\",\"itemListElement\":[{\"@type\":\"ListItem\",\"position\":1,\"name\":\"In\u00edcio\",\"item\":\"https:\/\/helenateixeirarios.com\/blog\/\"},{\"@type\":\"ListItem\",\"position\":2,\"name\":\"GETA BRATESCU, uma artista inovadora\"}]},{\"@type\":\"WebSite\",\"@id\":\"https:\/\/helenateixeirarios.com\/blog\/#website\",\"url\":\"https:\/\/helenateixeirarios.com\/blog\/\",\"name\":\"Blog da Helena Rios\",\"description\":\"\",\"potentialAction\":[{\"@type\":\"SearchAction\",\"target\":{\"@type\":\"EntryPoint\",\"urlTemplate\":\"https:\/\/helenateixeirarios.com\/blog\/?s={search_term_string}\"},\"query-input\":{\"@type\":\"PropertyValueSpecification\",\"valueRequired\":true,\"valueName\":\"search_term_string\"}}],\"inLanguage\":\"pt-BR\"},{\"@type\":\"Person\",\"@id\":\"https:\/\/helenateixeirarios.com\/blog\/#\/schema\/person\/bf6ad232984faf2392a08007d8e2c8e7\",\"name\":\"Helena Rios\",\"image\":{\"@type\":\"ImageObject\",\"inLanguage\":\"pt-BR\",\"@id\":\"https:\/\/helenateixeirarios.com\/blog\/#\/schema\/person\/image\/\",\"url\":\"https:\/\/secure.gravatar.com\/avatar\/a634b7533dac61ef01ca34c1b3572b04?s=96&d=mm&r=g\",\"contentUrl\":\"https:\/\/secure.gravatar.com\/avatar\/a634b7533dac61ef01ca34c1b3572b04?s=96&d=mm&r=g\",\"caption\":\"Helena Rios\"}}]}<\/script>\n<!-- \/ Yoast SEO Premium plugin. -->","yoast_head_json":{"title":"GETA BRATESCU, uma artista inovadora - blog da Helena Rios","description":"Blog de Helena Teixeira Rios, artigo e coment\u00e1rios sobre arte, fotografia, exposi\u00e7\u00f5es e a histporia da artista Geta Bratescu.","robots":{"index":"index","follow":"follow","max-snippet":"max-snippet:-1","max-image-preview":"max-image-preview:large","max-video-preview":"max-video-preview:-1"},"canonical":"https:\/\/helenateixeirarios.com\/blog\/geta-bratescu\/","og_locale":"pt_BR","og_type":"article","og_title":"GETA BRATESCU, uma artista inovadora","og_description":"Blog de Helena Teixeira Rios, artigo e coment\u00e1rios sobre arte, fotografia, exposi\u00e7\u00f5es e a histporia da artista Geta Bratescu.","og_url":"https:\/\/helenateixeirarios.com\/blog\/geta-bratescu\/","og_site_name":"blog da Helena Rios","article_publisher":"https:\/\/www.facebook.com\/helena.teixeirarios","article_published_time":"2018-10-05T19:12:06+00:00","article_modified_time":"2018-10-09T17:06:14+00:00","og_image":[{"width":1024,"height":505,"url":"https:\/\/helenateixeirarios.com\/blog\/wp-content\/uploads\/2018\/10\/GETA-BRATESCU-LEQUE-1024x505.png","type":"image\/png"}],"author":"Helena Rios","twitter_card":"summary_large_image","twitter_misc":{"Escrito por":"Helena Rios","Est. tempo de leitura":"2 minutos"},"schema":{"@context":"https:\/\/schema.org","@graph":[{"@type":"Article","@id":"https:\/\/helenateixeirarios.com\/blog\/geta-bratescu\/#article","isPartOf":{"@id":"https:\/\/helenateixeirarios.com\/blog\/geta-bratescu\/"},"author":{"name":"Helena Rios","@id":"https:\/\/helenateixeirarios.com\/blog\/#\/schema\/person\/bf6ad232984faf2392a08007d8e2c8e7"},"headline":"GETA BRATESCU, uma artista inovadora","datePublished":"2018-10-05T19:12:06+00:00","dateModified":"2018-10-09T17:06:14+00:00","mainEntityOfPage":{"@id":"https:\/\/helenateixeirarios.com\/blog\/geta-bratescu\/"},"wordCount":471,"commentCount":0,"image":{"@id":"https:\/\/helenateixeirarios.com\/blog\/geta-bratescu\/#primaryimage"},"thumbnailUrl":"https:\/\/helenateixeirarios.com\/blog\/wp-content\/uploads\/2018\/10\/GETA-BRATESCU-LEQUE.png","articleSection":["ARTISTAS, FATOS INTERESSANTES","FATOS LAMENT\u00c1VEIS"],"inLanguage":"pt-BR","potentialAction":[{"@type":"CommentAction","name":"Comment","target":["https:\/\/helenateixeirarios.com\/blog\/geta-bratescu\/#respond"]}]},{"@type":"WebPage","@id":"https:\/\/helenateixeirarios.com\/blog\/geta-bratescu\/","url":"https:\/\/helenateixeirarios.com\/blog\/geta-bratescu\/","name":"GETA BRATESCU, uma artista inovadora - blog da Helena Rios","isPartOf":{"@id":"https:\/\/helenateixeirarios.com\/blog\/#website"},"primaryImageOfPage":{"@id":"https:\/\/helenateixeirarios.com\/blog\/geta-bratescu\/#primaryimage"},"image":{"@id":"https:\/\/helenateixeirarios.com\/blog\/geta-bratescu\/#primaryimage"},"thumbnailUrl":"https:\/\/helenateixeirarios.com\/blog\/wp-content\/uploads\/2018\/10\/GETA-BRATESCU-LEQUE.png","datePublished":"2018-10-05T19:12:06+00:00","dateModified":"2018-10-09T17:06:14+00:00","author":{"@id":"https:\/\/helenateixeirarios.com\/blog\/#\/schema\/person\/bf6ad232984faf2392a08007d8e2c8e7"},"description":"Blog de Helena Teixeira Rios, artigo e coment\u00e1rios sobre arte, fotografia, exposi\u00e7\u00f5es e a histporia da artista Geta Bratescu.","breadcrumb":{"@id":"https:\/\/helenateixeirarios.com\/blog\/geta-bratescu\/#breadcrumb"},"inLanguage":"pt-BR","potentialAction":[{"@type":"ReadAction","target":["https:\/\/helenateixeirarios.com\/blog\/geta-bratescu\/"]}]},{"@type":"ImageObject","inLanguage":"pt-BR","@id":"https:\/\/helenateixeirarios.com\/blog\/geta-bratescu\/#primaryimage","url":"https:\/\/helenateixeirarios.com\/blog\/wp-content\/uploads\/2018\/10\/GETA-BRATESCU-LEQUE.png","contentUrl":"https:\/\/helenateixeirarios.com\/blog\/wp-content\/uploads\/2018\/10\/GETA-BRATESCU-LEQUE.png","width":1892,"height":933,"caption":"Geta Bratescu"},{"@type":"BreadcrumbList","@id":"https:\/\/helenateixeirarios.com\/blog\/geta-bratescu\/#breadcrumb","itemListElement":[{"@type":"ListItem","position":1,"name":"In\u00edcio","item":"https:\/\/helenateixeirarios.com\/blog\/"},{"@type":"ListItem","position":2,"name":"GETA BRATESCU, uma artista inovadora"}]},{"@type":"WebSite","@id":"https:\/\/helenateixeirarios.com\/blog\/#website","url":"https:\/\/helenateixeirarios.com\/blog\/","name":"Blog da Helena Rios","description":"","potentialAction":[{"@type":"SearchAction","target":{"@type":"EntryPoint","urlTemplate":"https:\/\/helenateixeirarios.com\/blog\/?s={search_term_string}"},"query-input":{"@type":"PropertyValueSpecification","valueRequired":true,"valueName":"search_term_string"}}],"inLanguage":"pt-BR"},{"@type":"Person","@id":"https:\/\/helenateixeirarios.com\/blog\/#\/schema\/person\/bf6ad232984faf2392a08007d8e2c8e7","name":"Helena Rios","image":{"@type":"ImageObject","inLanguage":"pt-BR","@id":"https:\/\/helenateixeirarios.com\/blog\/#\/schema\/person\/image\/","url":"https:\/\/secure.gravatar.com\/avatar\/a634b7533dac61ef01ca34c1b3572b04?s=96&d=mm&r=g","contentUrl":"https:\/\/secure.gravatar.com\/avatar\/a634b7533dac61ef01ca34c1b3572b04?s=96&d=mm&r=g","caption":"Helena Rios"}}]}},"_links":{"self":[{"href":"https:\/\/helenateixeirarios.com\/blog\/wp-json\/wp\/v2\/posts\/529","targetHints":{"allow":["GET"]}}],"collection":[{"href":"https:\/\/helenateixeirarios.com\/blog\/wp-json\/wp\/v2\/posts"}],"about":[{"href":"https:\/\/helenateixeirarios.com\/blog\/wp-json\/wp\/v2\/types\/post"}],"author":[{"embeddable":true,"href":"https:\/\/helenateixeirarios.com\/blog\/wp-json\/wp\/v2\/users\/2"}],"replies":[{"embeddable":true,"href":"https:\/\/helenateixeirarios.com\/blog\/wp-json\/wp\/v2\/comments?post=529"}],"version-history":[{"count":5,"href":"https:\/\/helenateixeirarios.com\/blog\/wp-json\/wp\/v2\/posts\/529\/revisions"}],"predecessor-version":[{"id":548,"href":"https:\/\/helenateixeirarios.com\/blog\/wp-json\/wp\/v2\/posts\/529\/revisions\/548"}],"wp:featuredmedia":[{"embeddable":true,"href":"https:\/\/helenateixeirarios.com\/blog\/wp-json\/wp\/v2\/media\/540"}],"wp:attachment":[{"href":"https:\/\/helenateixeirarios.com\/blog\/wp-json\/wp\/v2\/media?parent=529"}],"wp:term":[{"taxonomy":"category","embeddable":true,"href":"https:\/\/helenateixeirarios.com\/blog\/wp-json\/wp\/v2\/categories?post=529"},{"taxonomy":"post_tag","embeddable":true,"href":"https:\/\/helenateixeirarios.com\/blog\/wp-json\/wp\/v2\/tags?post=529"}],"curies":[{"name":"wp","href":"https:\/\/api.w.org\/{rel}","templated":true}]}}